{"id":36402,"date":"2026-04-23T10:55:18","date_gmt":"2026-04-23T10:55:18","guid":{"rendered":"https:\/\/vivianperfeito.com\/?p=36402"},"modified":"2026-04-23T10:55:26","modified_gmt":"2026-04-23T10:55:26","slug":"vistos-de-residencia-em-portugal-guia-completo-de-todas-as-modalidades","status":"publish","type":"post","link":"https:\/\/vivianperfeito.com\/pt-br\/vistos-de-residencia-em-portugal-guia-completo-de-todas-as-modalidades\/","title":{"rendered":"Vistos de Resid\u00eancia em Portugal: Guia Completo de Todas as Modalidades"},"content":{"rendered":"\n<h2 class=\"wp-block-heading\"><strong>Conhe\u00e7a todas as categorias de vistos de resid\u00eancia em Portugal segundo a Lei dos Estrangeiros<\/strong><\/h2>\n\n\n\n<p>A Lei n.\u00ba 23\/2007, de 4 de julho, conhecida como Lei dos Estrangeiros, tem sido sucessivamente atualizada para responder aos desafios contempor\u00e2neos da mobilidade internacional, e as altera\u00e7\u00f5es mais recentes trouxeram mudan\u00e7as significativas que todo candidato \u00e0 resid\u00eancia em Portugal deve conhecer.<\/p>\n\n\n\n<p>Este guia editorial apresenta uma an\u00e1lise completa e objetiva de todas as modalidades de vistos de resid\u00eancia dispon\u00edveis em Portugal, com informa\u00e7\u00f5es pr\u00e1ticas baseadas na legisla\u00e7\u00e3o vigente e na experi\u00eancia do dia a dia junto da AIMA (Ag\u00eancia para a Integra\u00e7\u00e3o, Migra\u00e7\u00f5es e Asilo).<\/p>\n\n\n\n<figure class=\"wp-block-image size-large\"><img decoding=\"async\" width=\"1024\" height=\"681\" data-src=\"https:\/\/vivianperfeito.com\/wp-content\/uploads\/2026\/02\/DSC_6688-Aprimorado-NR2-1-1024x681.jpg\" alt=\"\" class=\"wp-image-35004 lazyload\" data-srcset=\"https:\/\/vivianperfeito.com\/wp-content\/uploads\/2026\/02\/DSC_6688-Aprimorado-NR2-1-1024x681.jpg 1024w, https:\/\/vivianperfeito.com\/wp-content\/uploads\/2026\/02\/DSC_6688-Aprimorado-NR2-1-300x200.jpg 300w, https:\/\/vivianperfeito.com\/wp-content\/uploads\/2026\/02\/DSC_6688-Aprimorado-NR2-1-768x511.jpg 768w, https:\/\/vivianperfeito.com\/wp-content\/uploads\/2026\/02\/DSC_6688-Aprimorado-NR2-1-1536x1022.jpg 1536w, https:\/\/vivianperfeito.com\/wp-content\/uploads\/2026\/02\/DSC_6688-Aprimorado-NR2-1-2048x1363.jpg 2048w, https:\/\/vivianperfeito.com\/wp-content\/uploads\/2026\/02\/DSC_6688-Aprimorado-NR2-1-600x399.jpg 600w\" data-sizes=\"(max-width: 1024px) 100vw, 1024px\" src=\"data:image\/svg+xml;base64,PHN2ZyB3aWR0aD0iMSIgaGVpZ2h0PSIxIiB4bWxucz0iaHR0cDovL3d3dy53My5vcmcvMjAwMC9zdmciPjwvc3ZnPg==\" style=\"--smush-placeholder-width: 1024px; --smush-placeholder-aspect-ratio: 1024\/681;\" \/><\/figure>\n\n\n\n<h2 class=\"wp-block-heading\"><strong>\u00cdNDICE<\/strong><\/h2>\n\n\n\n<ol class=\"wp-block-list\">\n<li>O Que \u00e9 um Visto de Resid\u00eancia<\/li>\n\n\n\n<li>Condi\u00e7\u00f5es Gerais para Todos os Vistos<\/li>\n\n\n\n<li>Modalidades de Vistos de Resid\u00eancia<\/li>\n\n\n\n<li>Altera\u00e7\u00f5es Recentes Fundamentais<\/li>\n\n\n\n<li>Considera\u00e7\u00f5es Finais<\/li>\n<\/ol>\n\n\n\n<hr class=\"wp-block-separator has-alpha-channel-opacity\"\/>\n\n\n\n<h2 class=\"wp-block-heading\"><strong>1. O Que \u00e9 um Visto de Resid\u00eancia em Portugal<\/strong><\/h2>\n\n\n\n<p>Os vistos de resid\u00eancia, regulados pela Lei n.\u00ba 23\/2007, s\u00e3o documentos que habilitam cidad\u00e3os estrangeiros (nacionais de pa\u00edses terceiros, fora da UE\/EEE) a entrar e permanecer em territ\u00f3rio portugu\u00eas por per\u00edodos <strong>superiores a um ano<\/strong>, com vista \u00e0 fixa\u00e7\u00e3o de resid\u00eancia.<\/p>\n\n\n\n<h3 class=\"wp-block-heading\"><strong>Caracter\u00edsticas Gerais dos Vistos de Resid\u00eancia<\/strong><\/h3>\n\n\n\n<ul class=\"wp-block-list\">\n<li><strong>Validade:<\/strong> 4 meses, com possibilidade de duas entradas<\/li>\n\n\n\n<li><strong>Finalidade:<\/strong> Converter em Autoriza\u00e7\u00e3o de Resid\u00eancia ap\u00f3s entrada em Portugal<\/li>\n\n\n\n<li><strong>Prazo para convers\u00e3o:<\/strong> Deve apresentar-se \u00e0 AIMA dentro da validade do visto<\/li>\n\n\n\n<li><strong>Emiss\u00e3o:<\/strong> Consulados ou Sec\u00e7\u00f5es Consulares das Embaixadas Portuguesas no pa\u00eds de origem ou resid\u00eancia legal do requerente<\/li>\n<\/ul>\n\n\n\n<h3 class=\"wp-block-heading\"><strong>Diferen\u00e7a entre Visto de Resid\u00eancia e Autoriza\u00e7\u00e3o de Resid\u00eancia<\/strong><\/h3>\n\n\n\n<p>\u00c9 fundamental compreender esta distin\u00e7\u00e3o:<\/p>\n\n\n\n<ul class=\"wp-block-list\">\n<li><strong>Visto de Resid\u00eancia:<\/strong> Documento obtido no consulado que permite entrada em Portugal<\/li>\n\n\n\n<li><strong>Autoriza\u00e7\u00e3o de Resid\u00eancia (T\u00edtulo de Resid\u00eancia):<\/strong> Documento emitido pela AIMA ap\u00f3s entrada em Portugal, que formaliza o direito de residir legalmente no pa\u00eds<\/li>\n<\/ul>\n\n\n\n<h2 class=\"wp-block-heading\"><strong>2. Condi\u00e7\u00f5es Gerais para Concess\u00e3o de Vistos de Resid\u00eancia<\/strong><\/h2>\n\n\n\n<p>O <strong>artigo 52.\u00ba da Lei n.\u00ba 23\/2007<\/strong> estabelece os requisitos comuns a todos os tipos de visto de resid\u00eancia. O requerente deve:<\/p>\n\n\n\n<h3 class=\"wp-block-heading\"><strong>Requisitos Positivos<\/strong><\/h3>\n\n\n\n<p>\u2705 <strong>Documento de viagem v\u00e1lido<\/strong> (passaporte com validade m\u00ednima de 3 meses ap\u00f3s a data prevista de regresso)<\/p>\n\n\n\n<p>\u2705 <strong>Meios de subsist\u00eancia adequados<\/strong> conforme definido em portaria espec\u00edfica<\/p>\n\n\n\n<p>\u2705 <strong>Seguro de viagem ou de sa\u00fade<\/strong> que cubra despesas m\u00e9dicas e de repatriamento<\/p>\n\n\n\n<p>\u2705 <strong>Aus\u00eancia de registos criminais<\/strong> que impe\u00e7am a concess\u00e3o do visto<\/p>\n\n\n\n<p>\u2705 <strong>N\u00e3o constituir amea\u00e7a<\/strong> para a ordem p\u00fablica, seguran\u00e7a p\u00fablica ou sa\u00fade p\u00fablica<\/p>\n\n\n\n<h3 class=\"wp-block-heading\"><strong>Impedimentos Absolutos<\/strong><\/h3>\n\n\n\n<p>\u274c N\u00e3o ter sido sujeito a medida de afastamento de Portugal com interdi\u00e7\u00e3o de entrada em vigor<\/p>\n\n\n\n<p>\u274c N\u00e3o estar inscrito no Sistema de Informa\u00e7\u00e3o Schengen (SIS) para efeitos de n\u00e3o admiss\u00e3o<\/p>\n\n\n\n<p>\u274c N\u00e3o estar inscrito no Sistema Integrado de Informa\u00e7\u00f5es para efeitos de n\u00e3o admiss\u00e3o<\/p>\n\n\n\n<figure class=\"wp-block-image size-large\"><img decoding=\"async\" width=\"1024\" height=\"681\" data-src=\"https:\/\/vivianperfeito.com\/wp-content\/uploads\/2026\/02\/DSC_6587-Aprimorado-NR-1024x681.jpg\" alt=\"\" class=\"wp-image-35289 lazyload\" data-srcset=\"https:\/\/vivianperfeito.com\/wp-content\/uploads\/2026\/02\/DSC_6587-Aprimorado-NR-1024x681.jpg 1024w, https:\/\/vivianperfeito.com\/wp-content\/uploads\/2026\/02\/DSC_6587-Aprimorado-NR-300x200.jpg 300w, https:\/\/vivianperfeito.com\/wp-content\/uploads\/2026\/02\/DSC_6587-Aprimorado-NR-768x511.jpg 768w, https:\/\/vivianperfeito.com\/wp-content\/uploads\/2026\/02\/DSC_6587-Aprimorado-NR-1536x1022.jpg 1536w, https:\/\/vivianperfeito.com\/wp-content\/uploads\/2026\/02\/DSC_6587-Aprimorado-NR-2048x1363.jpg 2048w, https:\/\/vivianperfeito.com\/wp-content\/uploads\/2026\/02\/DSC_6587-Aprimorado-NR-600x399.jpg 600w\" data-sizes=\"(max-width: 1024px) 100vw, 1024px\" src=\"data:image\/svg+xml;base64,PHN2ZyB3aWR0aD0iMSIgaGVpZ2h0PSIxIiB4bWxucz0iaHR0cDovL3d3dy53My5vcmcvMjAwMC9zdmciPjwvc3ZnPg==\" style=\"--smush-placeholder-width: 1024px; --smush-placeholder-aspect-ratio: 1024\/681;\" \/><\/figure>\n\n\n\n<h2 class=\"wp-block-heading\"><strong>3. Modalidades de Vistos de Resid\u00eancia em Portugal<\/strong><\/h2>\n\n\n\n<h3 class=\"wp-block-heading\"><strong>\ud83d\udccb VISTO D1 &#8211; TRABALHO SUBORDINADO<\/strong><\/h3>\n\n\n\n<p><strong>Base Legal:<\/strong> Artigo 59.\u00ba da Lei n.\u00ba 23\/2007<\/p>\n\n\n\n<p><strong>Destinat\u00e1rios:<\/strong> Cidad\u00e3os que pretendem exercer atividade profissional subordinada (com contrato de trabalho) em Portugal.<\/p>\n\n\n\n<h4 class=\"wp-block-heading\"><strong>Requisitos Espec\u00edficos<\/strong><\/h4>\n\n\n\n<ul class=\"wp-block-list\">\n<li>Proposta de contrato de trabalho ou contrato de trabalho v\u00e1lido com entidade empregadora portuguesa<\/li>\n\n\n\n<li>A entidade empregadora deve estar registada e em situa\u00e7\u00e3o regular em Portugal<\/li>\n\n\n\n<li>Comprova\u00e7\u00e3o de que a atividade a exercer est\u00e1 enquadrada nas necessidades do mercado de trabalho portugu\u00eas<\/li>\n<\/ul>\n\n\n\n<h4 class=\"wp-block-heading\"><strong>Altera\u00e7\u00f5es Recentes Significativas<\/strong><\/h4>\n\n\n\n<p><strong>\u2713<\/strong> At\u00e9 2022, a concess\u00e3o de vistos D1 estava condicionada a quotas anuais e \u00e0 pr\u00e9via publicita\u00e7\u00e3o das vagas no IEFP. Esta exig\u00eancia foi <strong>eliminada pela Lei n.\u00ba 18\/2022<\/strong>, simplificando significativamente o processo.<\/p>\n\n\n\n<h4 class=\"wp-block-heading\"><strong>Documenta\u00e7\u00e3o T\u00edpica Necess\u00e1ria, entre outras:<\/strong><\/h4>\n\n\n\n<ul class=\"wp-block-list\">\n<li>Contrato de trabalho ou proposta vinculativa<\/li>\n\n\n\n<li>Certid\u00e3o de registo comercial da empresa empregadora<\/li>\n\n\n\n<li>Certificado de registo criminal do pa\u00eds de origem (com apostila de Haia)<\/li>\n\n\n\n<li>Comprovativo de habilita\u00e7\u00f5es acad\u00e9micas ou profissionais (quando relevante)<\/li>\n\n\n\n<li>Comprovativo de alojamento em Portugal<\/li>\n<\/ul>\n\n\n\n<h3 class=\"wp-block-heading\"><strong>\ud83d\udcbc VISTO D2 &#8211; ATIVIDADE INDEPENDENTE E EMPREENDEDORISMO<\/strong><\/h3>\n\n\n\n<p><strong>Base Legal:<\/strong> Artigo 60.\u00ba da Lei n.\u00ba 23\/2007<\/p>\n\n\n\n<p><strong>Destinat\u00e1rios:<\/strong> Trabalhadores independentes, profissionais liberais e empreendedores que pretendem desenvolver atividade econ\u00f3mica pr\u00f3pria em Portugal.<\/p>\n\n\n\n<h4 class=\"wp-block-heading\"><strong>Perfis Abrangidos<\/strong><\/h4>\n\n\n\n<ol class=\"wp-block-list\">\n<li><strong>Trabalhadores Independentes\/Freelancers<\/strong>\n<ul class=\"wp-block-list\">\n<li>Prestadores de servi\u00e7os especializados<\/li>\n\n\n\n<li>Profissionais liberais (advogados, arquitetos, consultores, designers, programadores, etc.)<\/li>\n\n\n\n<li>Atividades art\u00edsticas e culturais<\/li>\n<\/ul>\n<\/li>\n\n\n\n<li><strong>Empreendedores<\/strong>\n<ul class=\"wp-block-list\">\n<li>Cria\u00e7\u00e3o de empresa em Portugal<\/li>\n\n\n\n<li>Atividade relevante para a economia portuguesa<\/li>\n\n\n\n<li>Projetos inovadores ou com potencial de cria\u00e7\u00e3o de emprego<\/li>\n\n\n\n<li>Se a atividade estiver vinculada a Ordem de Classe Profissional, autoriza\u00e7\u00e3o para o exerc\u00edcio em territ\u00f3rio nacional.<\/li>\n<\/ul>\n<\/li>\n<\/ol>\n\n\n\n<h4 class=\"wp-block-heading\"><strong>Requisitos Espec\u00edficos<\/strong><\/h4>\n\n\n\n<p><strong>Para Trabalhadores Independentes:<\/strong><\/p>\n\n\n\n<ul class=\"wp-block-list\">\n<li>Contrato ou proposta escrita de presta\u00e7\u00e3o de servi\u00e7os<\/li>\n\n\n\n<li>Habilita\u00e7\u00e3o para exercer a atividade (quando aplic\u00e1vel &#8211; exemplo: inscri\u00e7\u00e3o em ordem profissional)<\/li>\n\n\n\n<li>Comprova\u00e7\u00e3o de meios de subsist\u00eancia suficientes<\/li>\n<\/ul>\n\n\n\n<p><strong>Para Empreendedores:<\/strong><\/p>\n\n\n\n<ul class=\"wp-block-list\">\n<li>Plano de neg\u00f3cios detalhado<\/li>\n\n\n\n<li>Viabilidade econ\u00f3mica do projeto<\/li>\n\n\n\n<li>Relev\u00e2ncia do projeto para a economia portuguesa<\/li>\n\n\n\n<li>Capacidade de investimento e meios financeiros suficientes<\/li>\n\n\n\n<li>Comprova\u00e7\u00e3o de que o projeto cria valor acrescentado<\/li>\n<\/ul>\n\n\n\n<h4 class=\"wp-block-heading\"><strong>Documenta\u00e7\u00e3o T\u00edpica, entre outras:<\/strong><\/h4>\n\n\n\n<ul class=\"wp-block-list\">\n<li>Contrato de presta\u00e7\u00e3o de servi\u00e7os ou plano de neg\u00f3cios<\/li>\n\n\n\n<li>Comprovativo de qualifica\u00e7\u00f5es profissionais<\/li>\n\n\n\n<li>Extrato banc\u00e1rio demonstrando capacidade financeira<\/li>\n\n\n\n<li>Certid\u00e3o de registo de empresa (se j\u00e1 constitu\u00edda)<\/li>\n\n\n\n<li>Declara\u00e7\u00f5es de rendimentos de anos anteriores<\/li>\n\n\n\n<li>Cartas de recomenda\u00e7\u00e3o de clientes ou parceiros (quando relevante)<\/li>\n<\/ul>\n\n\n\n<h4 class=\"wp-block-heading\"><strong>Considera\u00e7\u00f5es Pr\u00e1ticas<\/strong><\/h4>\n\n\n\n<p>O visto D2 tem sido cada vez mais procurado por profissionais qualificados de tecnologia, marketing digital, design e consultoria, interessados no mercado portugu\u00eas. O grande desafio est\u00e1 na demonstra\u00e7\u00e3o clara da viabilidade e relev\u00e2ncia do projeto para Portugal. Um plano de neg\u00f3cios bem estruturado e demonstra\u00e7\u00e3o de carteira de clientes podem fazer toda a diferen\u00e7a.<\/p>\n\n\n\n<h3 class=\"wp-block-heading\"><strong>\ud83c\udf93 VISTO D3 &#8211; ATIVIDADE ALTAMENTE QUALIFICADA<\/strong><\/h3>\n\n\n\n<p><strong>Base Legal:<\/strong> Artigos 61.\u00ba e 61.\u00ba-A da Lei n.\u00ba 23\/2007<\/p>\n\n\n\n<p><strong>Destinat\u00e1rios:<\/strong> Profissionais com qualifica\u00e7\u00f5es elevadas para exerc\u00edcio de atividades altamente qualificadas, doc\u00eancia ou investiga\u00e7\u00e3o cient\u00edfica.<\/p>\n\n\n\n<h4 class=\"wp-block-heading\"><strong>Categorias Abrangidas<\/strong><\/h4>\n\n\n\n<ol class=\"wp-block-list\">\n<li><strong>Atividades Altamente Qualificadas<\/strong>\n<ul class=\"wp-block-list\">\n<li>Cargos de dire\u00e7\u00e3o e quadros superiores<\/li>\n\n\n\n<li>Especialistas t\u00e9cnicos e cient\u00edficos<\/li>\n\n\n\n<li>Profissionais de TI e engenharia<\/li>\n\n\n\n<li>Profissionais de sa\u00fade especializados<\/li>\n\n\n\n<li>Arquitetos, engenheiros, juristas<\/li>\n\n\n\n<li>Outras, aprovadas em lista divulgada pelo Governo.<\/li>\n<\/ul>\n<\/li>\n\n\n\n<li><strong>Atividade Docente<\/strong>\n<ul class=\"wp-block-list\">\n<li>Professores universit\u00e1rios<\/li>\n\n\n\n<li>Docentes em institui\u00e7\u00f5es de ensino superior<\/li>\n\n\n\n<li>Investigadores principais<\/li>\n<\/ul>\n<\/li>\n\n\n\n<li><strong>Investiga\u00e7\u00e3o Cient\u00edfica<\/strong>\n<ul class=\"wp-block-list\">\n<li>Investigadores em centros de I&amp;D<\/li>\n\n\n\n<li>Bolseiros de doutoramento<\/li>\n\n\n\n<li>P\u00f3s-doutoramentos<\/li>\n<\/ul>\n<\/li>\n<\/ol>\n\n\n\n<h4 class=\"wp-block-heading\"><strong>Crit\u00e9rios de Alta Qualifica\u00e7\u00e3o<\/strong><\/h4>\n\n\n\n<p>Considera-se atividade altamente qualificada aquela que exige:<\/p>\n\n\n\n<ul class=\"wp-block-list\">\n<li><strong>Qualifica\u00e7\u00f5es acad\u00e9micas de n\u00edvel superior<\/strong> (no m\u00ednimo licenciatura ou equivalente)<\/li>\n\n\n\n<li><strong>Ou experi\u00eancia profissional relevante de pelo menos 5 anos<\/strong> em \u00e1rea especializada<\/li>\n\n\n\n<li>Remunera\u00e7\u00e3o superior a 1,5 vezes a remunera\u00e7\u00e3o m\u00e9dia anual bruta em Portugal<\/li>\n<\/ul>\n\n\n\n<h4 class=\"wp-block-heading\"><strong>Vantagens do Visto D3<\/strong><\/h4>\n\n\n\n<p>&nbsp;\u2713 Processo acelerado de an\u00e1lise<br>\u2713 Possibilidade futura de obten\u00e7\u00e3o do <strong>Cart\u00e3o Azul UE<\/strong> (Blue Card)<br>\u2713 Facilidades de mobilidade na Uni\u00e3o Europeia<br>\u2713 Elegibilidade para resid\u00eancia permanente ap\u00f3s 5 anos + cumprimento dos requisitos legais.<br><\/p>\n\n\n\n<p><strong>Documenta\u00e7\u00e3o Espec\u00edfica, entre outras:<\/strong><\/p>\n\n\n\n<ul class=\"wp-block-list\">\n<li>Diploma acad\u00e9mico ou certificado de qualifica\u00e7\u00f5es (com reconhecimento em Portugal, quando aplic\u00e1vel)<\/li>\n\n\n\n<li>Contrato de trabalho especificando fun\u00e7\u00e3o e remunera\u00e7\u00e3o<\/li>\n\n\n\n<li>Descri\u00e7\u00e3o detalhada das fun\u00e7\u00f5es a desempenhar<\/li>\n\n\n\n<li>CV detalhado<\/li>\n\n\n\n<li>Cartas de recomenda\u00e7\u00e3o profissional (se poss\u00edvel).<\/li>\n<\/ul>\n\n\n\n<h4 class=\"wp-block-heading\"><strong>Nota sobre a Directiva Blue Card<\/strong><\/h4>\n\n\n\n<p>A transposi\u00e7\u00e3o da Diretiva (UE) 2021\/1883 pela Lei n.\u00ba 53\/2023 refor\u00e7ou o regime do Cart\u00e3o Azul UE, conferindo maiores direitos de mobilidade e facilitando o reagrupamento familiar para profissionais altamente qualificados.<\/p>\n\n\n\n<h3 class=\"wp-block-heading\"><strong>\ud83d\udcda VISTO D4 &#8211; ESTUDO, INVESTIGA\u00c7\u00c3O, EST\u00c1GIO E VOLUNTARIADO<\/strong><\/h3>\n\n\n\n<p><strong>Base Legal:<\/strong> Artigo 62.\u00ba da Lei n.\u00ba 23\/2007<\/p>\n\n\n\n<p><strong>Destinat\u00e1rios:<\/strong> Estudantes, investigadores, estagi\u00e1rios e volunt\u00e1rios que pretendem desenvolver estas atividades em Portugal por per\u00edodo superior a um ano.<\/p>\n\n\n\n<h4 class=\"wp-block-heading\"><strong>Modalidades do Visto D4<\/strong><\/h4>\n\n\n\n<p><strong>1. Estudo no Ensino Superior<\/strong><\/p>\n\n\n\n<ul class=\"wp-block-list\">\n<li>Cursos de licenciatura<\/li>\n\n\n\n<li>Mestrado<\/li>\n\n\n\n<li>Doutoramento<\/li>\n\n\n\n<li>Cursos profissionais de n\u00edvel superior (Nivel 4 ou 5 do QNQ)<\/li>\n<\/ul>\n\n\n\n<p><strong>2. Investiga\u00e7\u00e3o Cient\u00edfica<\/strong><\/p>\n\n\n\n<ul class=\"wp-block-list\">\n<li>Contratos ou conven\u00e7\u00f5es de acolhimento com centros de investiga\u00e7\u00e3o<\/li>\n\n\n\n<li>Bolsas de investiga\u00e7\u00e3o<\/li>\n\n\n\n<li>Projetos de investiga\u00e7\u00e3o em institui\u00e7\u00f5es reconhecidas<\/li>\n<\/ul>\n\n\n\n<p><strong>3. Interc\u00e2mbio de Estudantes do Ensino Secund\u00e1rio<\/strong><\/p>\n\n\n\n<ul class=\"wp-block-list\">\n<li>Programas de interc\u00e2mbio internacional<\/li>\n\n\n\n<li>Idade m\u00ednima e m\u00e1xima definida por portaria espec\u00edfica<\/li>\n<\/ul>\n\n\n\n<p><strong>4. Est\u00e1gio Profissional N\u00e3o Remunerado<\/strong><\/p>\n\n\n\n<ul class=\"wp-block-list\">\n<li>Conven\u00e7\u00f5es de est\u00e1gio com entidades portuguesas<\/li>\n\n\n\n<li>Planos de forma\u00e7\u00e3o estruturados<\/li>\n\n\n\n<li>Supervis\u00e3o por tutor qualificado<\/li>\n<\/ul>\n\n\n\n<p><strong>5. Voluntariado<\/strong><\/p>\n\n\n\n<ul class=\"wp-block-list\">\n<li>Atividades em organiza\u00e7\u00f5es sem fins lucrativos<\/li>\n\n\n\n<li>Projetos sociais, ambientais, culturais ou educacionais<\/li>\n\n\n\n<li>Acordo de voluntariado formal<\/li>\n<\/ul>\n\n\n\n<h4 class=\"wp-block-heading\"><strong>Requisitos Espec\u00edficos por Categoria<\/strong><\/h4>\n\n\n\n<p><strong>Para Estudantes:<\/strong><\/p>\n\n\n\n<ul class=\"wp-block-list\">\n<li>Carta de aceita\u00e7\u00e3o da institui\u00e7\u00e3o de ensino portuguesa<\/li>\n\n\n\n<li>Comprovativo de pagamento de propinas ou matr\u00edcula<\/li>\n\n\n\n<li>Meios de subsist\u00eancia suficientes (valor anual da bolsa ou rendimentos pr\u00f3prios\/familiares); exceto para o aplicante CPLP.<\/li>\n\n\n\n<li>Seguro de sa\u00fade v\u00e1lido<\/li>\n\n\n\n<li>Alojamento garantido<\/li>\n<\/ul>\n\n\n\n<p><strong>Para Investigadores:<\/strong><\/p>\n\n\n\n<ul class=\"wp-block-list\">\n<li>Contrato de trabalho ou conven\u00e7\u00e3o de acolhimento<\/li>\n\n\n\n<li>Plano de investiga\u00e7\u00e3o<\/li>\n\n\n\n<li>Qualifica\u00e7\u00f5es acad\u00e9micas adequadas (m\u00ednimo mestrado)<\/li>\n\n\n\n<li>Carta do orientador ou coordenador cient\u00edfico<\/li>\n<\/ul>\n\n\n\n<p><strong>Para Estagi\u00e1rios:<\/strong><\/p>\n\n\n\n<ul class=\"wp-block-list\">\n<li>Conven\u00e7\u00e3o de est\u00e1gio assinada entre entidade portuguesa e entidade de origem<\/li>\n\n\n\n<li>Plano de forma\u00e7\u00e3o detalhado<\/li>\n\n\n\n<li>Comprovativo de que o est\u00e1gio \u00e9 n\u00e3o remunerado ou de baixa remunera\u00e7\u00e3o<\/li>\n\n\n\n<li>Seguro de acidentes de trabalho<\/li>\n<\/ul>\n\n\n\n<p><strong>Para Volunt\u00e1rios:<\/strong><\/p>\n\n\n\n<ul class=\"wp-block-list\">\n<li>Acordo de voluntariado com organiza\u00e7\u00e3o reconhecida<\/li>\n\n\n\n<li>Descri\u00e7\u00e3o das atividades a desenvolver<\/li>\n\n\n\n<li>Comprovativo de alojamento e meios de subsist\u00eancia, exceto para o aplicante CPLP.<\/li>\n<\/ul>\n\n\n\n<h4 class=\"wp-block-heading\"><strong>Novidade Importante: Trabalho Complementar<\/strong><\/h4>\n\n\n\n<p><strong>Altera\u00e7\u00e3o fundamental introduzida em 2022:<\/strong> Os titulares de autoriza\u00e7\u00e3o de resid\u00eancia D4 <strong>podem exercer atividade profissional<\/strong> (subordinada ou independente) <strong>complementarmente \u00e0 atividade principal<\/strong> que deu origem ao visto (estudo, investiga\u00e7\u00e3o, est\u00e1gio ou voluntariado), com carga hor\u00e1ria compat\u00edvel.<\/p>\n\n\n\n<p>Esta mudan\u00e7a representa um avan\u00e7o significativo, permitindo que estudantes trabalhem legalmente a tempo parcial e investigadores prestem consultoria ou doc\u00eancia, por exemplo.<\/p>\n\n\n\n<h4 class=\"wp-block-heading\"><strong>Convers\u00e3o para Outros Tipos de Resid\u00eancia<\/strong><\/h4>\n\n\n\n<p>Estudantes e investigadores que concluam os estudos ou projeto de investiga\u00e7\u00e3o t\u00eam <strong>direito a um per\u00edodo de 1 ano<\/strong> para procurar trabalho ou criar empresa em Portugal, na mesma \u00e1rea dos estudos, podendo depois converter a autoriza\u00e7\u00e3o de resid\u00eancia para as modalidades D1, D2 ou D3.<\/p>\n\n\n\n<h3 class=\"wp-block-heading\"><strong>\ud83d\udd2c VISTO D5 &#8211; MOBILIDADE DE ESTUDANTES NO ENSINO SUPERIOR<\/strong><\/h3>\n\n\n\n<p><strong>Base Legal:<\/strong> Regulamenta\u00e7\u00e3o espec\u00edfica no \u00e2mbito de programas de mobilidade acad\u00e9mica europeia<\/p>\n\n\n\n<p><strong>Destinat\u00e1rios:<\/strong> Estudantes do ensino superior que j\u00e1 possuem autoriza\u00e7\u00e3o de resid\u00eancia noutro Estado-Membro da UE e pretendem prosseguir parte dos estudos em Portugal.<\/p>\n\n\n\n<p>Este visto aplica-se especificamente no contexto de <strong>programas de mobilidade estudantil<\/strong> como o Erasmus+ e similares.<\/p>\n\n\n\n<h4 class=\"wp-block-heading\"><strong>Requisitos<\/strong><\/h4>\n\n\n\n<ul class=\"wp-block-list\">\n<li>Autoriza\u00e7\u00e3o de resid\u00eancia para estudos v\u00e1lida noutro Estado-Membro da UE<\/li>\n\n\n\n<li>Aceita\u00e7\u00e3o em institui\u00e7\u00e3o de ensino superior portuguesa<\/li>\n\n\n\n<li>Acordo de mobilidade entre institui\u00e7\u00f5es<\/li>\n\n\n\n<li>Meios de subsist\u00eancia adequados<\/li>\n\n\n\n<li>Seguro de sa\u00fade v\u00e1lido<\/li>\n<\/ul>\n\n\n\n<h3 class=\"wp-block-heading\"><strong>\ud83c\udfe0 VISTO D6 &#8211; REAGRUPAMENTO FAMILIAR<\/strong><\/h3>\n\n\n\n<p><strong>Base Legal:<\/strong> Artigos 98.\u00ba a 108.\u00ba da Lei n.\u00ba 23\/2007<\/p>\n\n\n\n<p><strong>Destinat\u00e1rios:<\/strong> Familiares de cidad\u00e3os estrangeiros legalmente residentes em Portugal que pretendem reunir-se ao familiar residente.<\/p>\n\n\n\n<h4 class=\"wp-block-heading\"><strong>Quem Pode Ser Reagrupado<\/strong><\/h4>\n\n\n\n<p>O direito ao reagrupamento familiar abrange:<\/p>\n\n\n\n<p><strong>1. C\u00f4njuge ou Parceiro em Uni\u00e3o de Facto<\/strong><\/p>\n\n\n\n<ul class=\"wp-block-list\">\n<li>Casamento ou uni\u00e3o de facto legalmente reconhecida<\/li>\n\n\n\n<li>Rela\u00e7\u00e3o anterior \u00e0 entrada do requerente principal em Portugal<\/li>\n<\/ul>\n\n\n\n<p><strong>2. Filhos Menores ou Incapazes<\/strong><\/p>\n\n\n\n<ul class=\"wp-block-list\">\n<li>Filhos do titular de resid\u00eancia<\/li>\n\n\n\n<li>Filhos do c\u00f4njuge\/parceiro<\/li>\n\n\n\n<li>Filhos adotivos<\/li>\n\n\n\n<li>Menores sob tutela ou guarda<\/li>\n<\/ul>\n\n\n\n<p><strong>3. Filhos Maiores<\/strong><\/p>\n\n\n\n<ul class=\"wp-block-list\">\n<li>Filhos maiores solteiros a cargo<\/li>\n\n\n\n<li>Estudantes dependentes financeiramente dos pais<\/li>\n<\/ul>\n\n\n\n<p><strong>4. Ascendentes (Pais e Av\u00f3s)<\/strong><\/p>\n\n\n\n<ul class=\"wp-block-list\">\n<li>Ascendentes em 1.\u00ba grau na linha reta (pais)<\/li>\n\n\n\n<li>A cargo do titular de resid\u00eancia<\/li>\n\n\n\n<li>Ascendentes do c\u00f4njuge nas mesmas condi\u00e7\u00f5es<\/li>\n<\/ul>\n\n\n\n<h4 class=\"wp-block-heading\"><strong>Altera\u00e7\u00e3o Cr\u00edtica: Per\u00edodo de Car\u00eancia.<\/strong><\/h4>\n\n\n\n<h4 class=\"wp-block-heading\"><strong>Em termos gerais:<\/strong><\/h4>\n\n\n\n<p><strong>\u26a0\ufe0f ATEN\u00c7\u00c3O: Per\u00edodo de car\u00eancia de 2 anos<\/strong> de resid\u00eancia legal em Portugal antes de poder solicitar reagrupamento familiar, exceto em caso de familiares de trabalhadores altamente qualificados.<\/p>\n\n\n\n<p><strong>Exce\u00e7\u00f5es ao per\u00edodo de car\u00eancia:<\/strong><\/p>\n\n\n\n<ul class=\"wp-block-list\">\n<li>C\u00f4njuges com filhos menores ou incapazes<\/li>\n\n\n\n<li>Menores n\u00e3o acompanhados<\/li>\n\n\n\n<li>Situa\u00e7\u00f5es humanit\u00e1rias excecionais<\/li>\n<\/ul>\n\n\n\n<p>Esta mudan\u00e7a representa uma restri\u00e7\u00e3o significativa face ao regime anterior, em que o reagrupamento podia ser solicitado imediatamente ap\u00f3s obten\u00e7\u00e3o da primeira autoriza\u00e7\u00e3o de resid\u00eancia.<\/p>\n\n\n\n<h4 class=\"wp-block-heading\"><strong>Requisitos do Titular de Resid\u00eancia (Requerente Principal)<\/strong><\/h4>\n\n\n\n<ul class=\"wp-block-list\">\n<li>Ter autoriza\u00e7\u00e3o de resid\u00eancia v\u00e1lida h\u00e1, pelo menos, 2 anos<\/li>\n\n\n\n<li>Dispor de alojamento adequado ao agregado familiar<\/li>\n\n\n\n<li>Ter meios de subsist\u00eancia suficientes para sustento de todos os membros da fam\u00edlia<\/li>\n\n\n\n<li>Ter seguro de sa\u00fade para os familiares reagrupados<\/li>\n<\/ul>\n\n\n\n<h4 class=\"wp-block-heading\"><strong>Inova\u00e7\u00e3o: Pedido Simult\u00e2neo<\/strong><\/h4>\n\n\n\n<p>A Lei n.\u00ba 18\/2022 introduziu a possibilidade de <strong>solicitar vistos de reagrupamento familiar simultaneamente<\/strong> com o pedido de visto do requerente principal, agilizando significativamente o processo quando a fam\u00edlia pretende imigrar em conjunto. <strong>O visto, neste caso, denomina-se por \u201cfamiliar acompanhante de requerente de visto de resid\u00eancia\u201d e \u00e9 apresentado ao mesmo tempo em que o aplicante principal apresenta o seu visto de resid\u00eancia.<\/strong><\/p>\n\n\n\n<h4 class=\"wp-block-heading\"><strong>Direitos dos Familiares Reagrupados<\/strong><\/h4>\n\n\n\n<p>Os membros da fam\u00edlia reagrupados t\u00eam direito a:<\/p>\n\n\n\n<ul class=\"wp-block-list\">\n<li>Autoriza\u00e7\u00e3o de resid\u00eancia com a mesma validade do titular principal<\/li>\n\n\n\n<li>Acesso ao mercado de trabalho (subordinado ou independente)<\/li>\n\n\n\n<li>Acesso ao sistema de sa\u00fade e educa\u00e7\u00e3o<\/li>\n\n\n\n<li>Renova\u00e7\u00e3o autom\u00e1tica enquanto mantiverem as condi\u00e7\u00f5es<\/li>\n<\/ul>\n\n\n\n<h3 class=\"wp-block-heading\"><strong>\ud83d\udcb0 VISTO D7 &#8211; RENDIMENTOS PR\u00d3PRIOS (APOSENTADOS E TITULARES DE RENDIMENTOS)<\/strong><\/h3>\n\n\n\n<p><strong>Base Legal:<\/strong> Artigo 89.\u00ba da Lei n.\u00ba 23\/2007<\/p>\n\n\n\n<p><strong>Destinat\u00e1rios:<\/strong> Cidad\u00e3os que disp\u00f5em de rendimentos pr\u00f3prios, est\u00e1veis e regulares, suficientes para a sua subsist\u00eancia em Portugal, sem necessidade de exercer atividade profissional.<\/p>\n\n\n\n<h4 class=\"wp-block-heading\"><strong>Perfis Abrangidos<\/strong><\/h4>\n\n\n\n<ol class=\"wp-block-list\">\n<li><strong>Aposentados\/Reformados<\/strong>\n<ul class=\"wp-block-list\">\n<li>Pensionistas de sistemas p\u00fablicos ou privados<\/li>\n\n\n\n<li>Benefici\u00e1rios de fundos de pens\u00e3o<\/li>\n<\/ul>\n<\/li>\n\n\n\n<li><strong>Titulares de Rendimentos de Capitais<\/strong>\n<ul class=\"wp-block-list\">\n<li>Rendimentos de aplica\u00e7\u00f5es financeiras<\/li>\n\n\n\n<li>Dividendos de investimentos<\/li>\n\n\n\n<li>Rendimentos de propriedade intelectual<\/li>\n<\/ul>\n<\/li>\n\n\n\n<li><strong>Titulares de Rendimentos Prediais<\/strong>\n<ul class=\"wp-block-list\">\n<li>Rendimentos de arrendamento de im\u00f3veis<\/li>\n\n\n\n<li>Rendas de propriedades no pa\u00eds de origem<\/li>\n<\/ul>\n<\/li>\n\n\n\n<li><strong>Benefici\u00e1rios de Rendas ou Pens\u00f5es Vital\u00edcias<\/strong><\/li>\n<\/ol>\n\n\n\n<h4 class=\"wp-block-heading\"><strong>Valores M\u00ednimos Exigidos<\/strong><\/h4>\n\n\n\n<p>Os valores de refer\u00eancia baseiam-se no <strong>sal\u00e1rio m\u00ednimo nacional<\/strong> (atualmente \u20ac 920,00 em 2026):<\/p>\n\n\n\n<p><strong>Para o requerente principal:<\/strong> 100% do sal\u00e1rio m\u00ednimo anual<br><strong>Para o 1.\u00ba adulto adicional (c\u00f4njuge, filho solteiro e estudante maior de idade):<\/strong> + 50% do sal\u00e1rio m\u00ednimo<br><strong>Para cada filho menor:<\/strong> + 30% do sal\u00e1rio m\u00ednimo<br><strong>Para ascendentes a cargo:<\/strong> + 50% do sal\u00e1rio m\u00ednimo por pessoa<\/p>\n\n\n\n<p><strong>Exemplo pr\u00e1tico:<\/strong><\/p>\n\n\n\n<ul class=\"wp-block-list\">\n<li>Casal com 2 filhos menores = 100% + 50% + 30% + 30% = 210% do sal\u00e1rio m\u00ednimo anual (ser\u00e1 necess\u00e1rio comprovar rendimento mensal deste valor e poupan\u00e7a, em Portugal, equivalente a 12 meses).<\/li>\n<\/ul>\n\n\n\n<h4 class=\"wp-block-heading\"><strong>Caracter\u00edsticas dos Rendimentos<\/strong><\/h4>\n\n\n\n<p>Os rendimentos devem ser:<\/p>\n\n\n\n<ul class=\"wp-block-list\">\n<li><strong>Est\u00e1veis:<\/strong> Demonstrados ao longo de per\u00edodo m\u00ednimo de 6\/12 meses (depende da Embaixada).<\/li>\n\n\n\n<li><strong>Regulares:<\/strong> Com periodicidade constante (mensal, trimestral, anual)<\/li>\n\n\n\n<li><strong>Suficientes:<\/strong> Capazes de garantir subsist\u00eancia digna em Portugal<\/li>\n\n\n\n<li><strong>Pr\u00f3prios:<\/strong> Do requerente ou do c\u00f4njuge<\/li>\n\n\n\n<li><strong>Dispon\u00edveis:<\/strong> Transfer\u00edveis para Portugal sem restri\u00e7\u00f5es<\/li>\n<\/ul>\n\n\n\n<h4 class=\"wp-block-heading\"><strong>Documenta\u00e7\u00e3o Comprovativa<\/strong><\/h4>\n\n\n\n<ul class=\"wp-block-list\">\n<li>Declara\u00e7\u00f5es de rendimentos oficiais do pa\u00eds de origem.<\/li>\n\n\n\n<li>Extratos banc\u00e1rios demonstrando entrada regular de rendimentos.<\/li>\n\n\n\n<li>Extrato banc\u00e1rio da conta em Portugal.\u00a0<\/li>\n\n\n\n<li>Carta de pens\u00e3o emitida por entidade oficial (para aposentados)<\/li>\n\n\n\n<li>Contratos de arrendamento e recibos (para rendimentos prediais)<\/li>\n\n\n\n<li>Extratos de investimentos e aplica\u00e7\u00f5es financeiras<\/li>\n\n\n\n<li>Declara\u00e7\u00e3o de imposto de renda ou equivalente do pa\u00eds de origem<\/li>\n<\/ul>\n\n\n\n<h3 class=\"wp-block-heading\"><strong>\ud83d\udcbb VISTO D8 &#8211; N\u00d3MADAS DIGITAIS (TRABALHO REMOTO)<\/strong><\/h3>\n\n\n\n<p><strong>Base Legal:<\/strong> Artigo 61.\u00ba-B da Lei n.\u00ba 23\/2007 (introduzido pela Lei n.\u00ba 18\/2022)<\/p>\n\n\n\n<p><strong>Destinat\u00e1rios:<\/strong> Profissionais que exercem atividade profissional \u00e0 dist\u00e2ncia, atrav\u00e9s de meios tecnol\u00f3gicos, para entidades ou clientes localizados fora de Portugal, com remunera\u00e7\u00e3o mensal superior a 4 vezes o ordenado m\u00ednimo nacional (920 euros, em 2026).<\/p>\n\n\n\n<h4 class=\"wp-block-heading\"><strong>Perfis Eleg\u00edveis<\/strong><\/h4>\n\n\n\n<ol class=\"wp-block-list\">\n<li><strong>Trabalhadores Subordinados Remotos (Teletrabalho Internacional)<\/strong>\n<ul class=\"wp-block-list\">\n<li>Empregados de empresas estrangeiras<\/li>\n\n\n\n<li>Trabalho exclusivamente \u00e0 dist\u00e2ncia<\/li>\n\n\n\n<li>Contrato de trabalho com entidade fora de Portugal<\/li>\n<\/ul>\n<\/li>\n\n\n\n<li><strong>Trabalhadores Independentes Remotos (Freelancers Digitais)<\/strong>\n<ul class=\"wp-block-list\">\n<li>Prestadores de servi\u00e7os a clientes internacionais<\/li>\n\n\n\n<li>Profissionais liberais com clientes no exterior<\/li>\n\n\n\n<li>Empreendedores digitais com clientes no exterior<\/li>\n<\/ul>\n<\/li>\n<\/ol>\n\n\n\n<h4 class=\"wp-block-heading\"><strong>Requisitos Espec\u00edficos<\/strong><\/h4>\n\n\n\n<p><strong>Para Trabalho Subordinado:<\/strong><\/p>\n\n\n\n<ul class=\"wp-block-list\">\n<li>Contrato de trabalho com empresa sediada fora de Portugal<\/li>\n\n\n\n<li>Declara\u00e7\u00e3o da entidade empregadora confirmando trabalho remoto<\/li>\n\n\n\n<li>Comprovativo de v\u00ednculo laboral de, pelo menos, 3 meses<\/li>\n\n\n\n<li>Rendimento m\u00e9dio mensal m\u00ednimo: <strong>4 \u00d7 sal\u00e1rio m\u00ednimo nacional<\/strong> (total: \u20ac 3.680,00 em 2026)<\/li>\n<\/ul>\n\n\n\n<p><strong>Para Trabalho Independente:<\/strong><\/p>\n\n\n\n<ul class=\"wp-block-list\">\n<li>Contrato(s) de presta\u00e7\u00e3o de servi\u00e7os com cliente(s) no exterior<\/li>\n\n\n\n<li>Comprovativo de atividade profissional independente<\/li>\n\n\n\n<li>Declara\u00e7\u00e3o de rendimentos dos \u00faltimos 3 meses<\/li>\n\n\n\n<li>Rendimento m\u00e9dio mensal m\u00ednimo: <strong>4 \u00d7 sal\u00e1rio m\u00ednimo nacional<\/strong> (total: \u20ac 3.680,00 em 2026)<\/li>\n<\/ul>\n\n\n\n<h4 class=\"wp-block-heading\"><strong>Documenta\u00e7\u00e3o Necess\u00e1ria, entre outras:<\/strong><\/h4>\n\n\n\n<ul class=\"wp-block-list\">\n<li>Contrato de trabalho ou contratos de presta\u00e7\u00e3o de servi\u00e7os<\/li>\n\n\n\n<li>Comprovativo de resid\u00eancia fiscal no pa\u00eds de origem<\/li>\n\n\n\n<li>Extratos banc\u00e1rios dos \u00faltimos 3 meses demonstrando rendimentos<\/li>\n\n\n\n<li>Declara\u00e7\u00e3o da entidade empregadora ou de clientes principais<\/li>\n\n\n\n<li>Descri\u00e7\u00e3o da atividade profissional exercida<\/li>\n<\/ul>\n\n\n\n<h4 class=\"wp-block-heading\"><strong>Condi\u00e7\u00f5es de Perman\u00eancia<\/strong><\/h4>\n\n\n\n<ul class=\"wp-block-list\">\n<li>A atividade profissional deve ser <strong>exclusivamente para o exterior de Portugal<\/strong><\/li>\n\n\n\n<li>N\u00e3o \u00e9 permitido exercer atividade subordinada ou independente para entidades portuguesas como fonte prim\u00e1ria de recursos financeiros.<\/li>\n<\/ul>\n\n\n\n<h4 class=\"wp-block-heading\"><strong>Vantagens do Visto D8<\/strong><\/h4>\n\n\n\n<p>\u2713 Permite viver em Portugal mantendo emprego ou clientes internacionais<br>\u2713 Acesso a todos os servi\u00e7os p\u00fablicos portugueses<br>\u2713 Possibilidade de reagrupamento familiar<br>\u2713 Liberdade de circula\u00e7\u00e3o no Espa\u00e7o Schengen<br>\u2713 Caminho para resid\u00eancia permanente e nacionalidade mediante o cumprimento dos requisitos legais.<\/p>\n\n\n\n<h4 class=\"wp-block-heading\"><strong>Modalidade Tempor\u00e1ria vs. Resid\u00eancia<\/strong><\/h4>\n\n\n\n<p>O visto D8 pode ser concedido em duas modalidades:<\/p>\n\n\n\n<ul class=\"wp-block-list\">\n<li><strong>Estada Tempor\u00e1ria:<\/strong> Para per\u00edodos at\u00e9 1 ano\u00a0<\/li>\n\n\n\n<li><strong>Resid\u00eancia:<\/strong> Para per\u00edodos superiores a 1 ano (renov\u00e1vel)<\/li>\n<\/ul>\n\n\n\n<p>A escolha depende da inten\u00e7\u00e3o de perman\u00eancia e dos planos de longo prazo do n\u00f3mada digital.<\/p>\n\n\n\n<h3 class=\"wp-block-heading\"><strong>\ud83c\udfc6 AUTORIZA\u00c7\u00d5ES DE RESID\u00caNCIA ESPECIAIS<\/strong><\/h3>\n\n\n\n<p>Al\u00e9m dos vistos de resid\u00eancia tradicionais (D1 a D8), a Lei dos Estrangeiros prev\u00ea outras modalidades de autoriza\u00e7\u00e3o de resid\u00eancia concedidas em circunst\u00e2ncias espec\u00edficas:<\/p>\n\n\n\n<h4 class=\"wp-block-heading\"><strong>AUTORIZA\u00c7\u00c3O DE RESID\u00caNCIA PARA INVESTIMENTO (GOLDEN VISA)<\/strong><\/h4>\n\n\n\n<p><strong>Base Legal:<\/strong> Artigos 89.\u00ba-A a 89.\u00ba-C da Lei n.\u00ba 23\/2007<\/p>\n\n\n\n<p><strong>Destinat\u00e1rios:<\/strong> Investidores que realizem atividades de investimento relevantes em Portugal.<\/p>\n\n\n\n<p><strong>\u26a0\ufe0f NOTA CR\u00cdTICA:<\/strong> A Lei n.\u00ba 56\/2023 <strong>eliminou as modalidades de investimento em im\u00f3veis residenciais<\/strong> que eram as mais procuradas. As modalidades remanescentes s\u00e3o:<\/p>\n\n\n\n<ol class=\"wp-block-list\">\n<li><strong>Transfer\u00eancia de capitais<\/strong> no valor igual ou superior a \u20ac 1.500.000<\/li>\n\n\n\n<li><strong>Cria\u00e7\u00e3o de, pelo menos, 10 postos de trabalho<\/strong><\/li>\n\n\n\n<li><strong>Aquisi\u00e7\u00e3o de unidades de participa\u00e7\u00e3o em fundos de investimento<\/strong> ou fundos de capital de risco (m\u00ednimo \u20ac 500.000)<\/li>\n\n\n\n<li><strong>Investimento em atividades de investiga\u00e7\u00e3o cient\u00edfica<\/strong> (m\u00ednimo \u20ac 500.000)<\/li>\n\n\n\n<li><strong>Investimento em produ\u00e7\u00e3o art\u00edstica, recupera\u00e7\u00e3o ou manuten\u00e7\u00e3o do patrim\u00f3nio cultural<\/strong> (m\u00ednimo \u20ac 250.000)<\/li>\n<\/ol>\n\n\n\n<p><strong>Vantagens:<\/strong><\/p>\n\n\n\n<ul class=\"wp-block-list\">\n<li>Exig\u00eancia m\u00ednima de perman\u00eancia: apenas <strong>7 dias no primeiro ano<\/strong> e <strong>14 dias nos anos seguintes<\/strong><\/li>\n\n\n\n<li>Possibilidade de circular livremente no Espa\u00e7o Schengen<\/li>\n\n\n\n<li>Reagrupamento familiar permitido<\/li>\n\n\n\n<li>Resid\u00eancia permanente ap\u00f3s 5 anos mediante o cumprimento dos requisitos legais.<\/li>\n<\/ul>\n\n\n\n<p><strong>Desvantagens:<\/strong><\/p>\n\n\n\n<ul class=\"wp-block-list\">\n<li>Valores de investimento elevados e necessidade de manuten\u00e7\u00e3o do valor do investimento durante todo o tempo da resid\u00eancia.\u00a0<\/li>\n\n\n\n<li>Processo de due diligence rigoroso<\/li>\n\n\n\n<li>Restri\u00e7\u00f5es crescentes face ao regime original<\/li>\n<\/ul>\n\n\n\n<h4 class=\"wp-block-heading\"><strong>AUTORIZA\u00c7\u00c3O DE RESID\u00caNCIA TECH VISA<\/strong><\/h4>\n\n\n\n<p><strong>Base Legal:<\/strong> Portaria n.\u00ba 328\/2018 e Portaria n.\u00ba 59-A\/2022<\/p>\n\n\n\n<p><strong>Destinat\u00e1rios:<\/strong> Profissionais de tecnologia contratados por empresas certificadas no \u00e2mbito do programa Tech Visa.<\/p>\n\n\n\n<p><strong>Requisitos:<\/strong><\/p>\n\n\n\n<ul class=\"wp-block-list\">\n<li>Contrato de trabalho com empresa certificada<\/li>\n\n\n\n<li>Qualifica\u00e7\u00f5es na \u00e1rea de tecnologia<\/li>\n\n\n\n<li>Remunera\u00e7\u00e3o adequada ao sector<\/li>\n<\/ul>\n\n\n\n<p><strong>Vantagens:<\/strong><\/p>\n\n\n\n<ul class=\"wp-block-list\">\n<li>Processo acelerado (decis\u00e3o em 30 dias)<\/li>\n\n\n\n<li>Facilidades de reagrupamento familiar<\/li>\n\n\n\n<li>Via r\u00e1pida para resid\u00eancia permanente<\/li>\n<\/ul>\n\n\n\n<h4 class=\"wp-block-heading\"><strong>AUTORIZA\u00c7\u00c3O DE RESID\u00caNCIA STARTUP VISA<\/strong><\/h4>\n\n\n\n<p><strong>Base Legal:<\/strong> Portaria n.\u00ba 344\/2017<\/p>\n\n\n\n<p><strong>Destinat\u00e1rios:<\/strong> Empreendedores com projetos de neg\u00f3cio inovadores reconhecidos por incubadoras certificadas.<\/p>\n\n\n\n<p><strong>Requisitos:<\/strong><\/p>\n\n\n\n<ul class=\"wp-block-list\">\n<li>Projeto inovador com potencial de crescimento<\/li>\n\n\n\n<li>Certifica\u00e7\u00e3o por incubadora reconhecida<\/li>\n\n\n\n<li>Plano de neg\u00f3cios validado<\/li>\n\n\n\n<li>Meios financeiros adequados<\/li>\n<\/ul>\n\n\n\n<h3 class=\"wp-block-heading\"><strong>\ud83d\udd0d VISTO PARA PROCURA DE TRABALHO &#8211; <\/strong><strong>Atualmente suspenso por falta de regulamenta\u00e7\u00e3o das atividades\/profiss\u00f5es eleg\u00edveis.<\/strong><\/h3>\n\n\n\n<p><strong>Base Legal:<\/strong> Artigos 45.\u00ba e 57.\u00ba-A da Lei n.\u00ba 23\/2007 (introduzido pela Lei n.\u00ba 18\/2022)<\/p>\n\n\n\n<p><strong>Destinat\u00e1rios:<\/strong> Cidad\u00e3os que pretendem entrar em Portugal para procurar emprego.<\/p>\n\n\n\n<h4 class=\"wp-block-heading\"><strong>Modalidades<\/strong><\/h4>\n\n\n\n<p><strong>1. Procura de Trabalho Geral<\/strong> (SUSPENSO)<\/p>\n\n\n\n<ul class=\"wp-block-list\">\n<li>Visto que permitia entrada para procura de trabalho por 120 dias (prorrog\u00e1vel por 60)<\/li>\n\n\n\n<li><strong>Atualmente suspenso por falta de regulamenta\u00e7\u00e3o das atividades\/profiss\u00f5es eleg\u00edveis.<\/strong><\/li>\n<\/ul>\n\n\n\n<p><strong>2. Procura de Trabalho Altamente Qualificado<\/strong><\/p>\n\n\n\n<ul class=\"wp-block-list\">\n<li>Destinado exclusivamente a profissionais com <strong>compet\u00eancias t\u00e9cnicas especializadas<\/strong><\/li>\n\n\n\n<li>Cargos de dire\u00e7\u00e3o, acad\u00e9micos ou t\u00e9cnicos especializados<\/li>\n\n\n\n<li>Validade de 120 dias, prorrog\u00e1vel por 60 dias<\/li>\n\n\n\n<li>Inclui agendamento autom\u00e1tico na AIMA<\/li>\n<\/ul>\n\n\n\n<p><strong>Requisitos:<\/strong><\/p>\n\n\n\n<ul class=\"wp-block-list\">\n<li>Qualifica\u00e7\u00f5es acad\u00e9micas de n\u00edvel superior<\/li>\n\n\n\n<li>Ou experi\u00eancia profissional relevante m\u00ednima de 5 anos<\/li>\n\n\n\n<li>Meios de subsist\u00eancia equivalentes a <strong>3 \u00d7 sal\u00e1rio m\u00ednimo nacional (\u20ac 920,00 em 2026)<\/strong><\/li>\n\n\n\n<li>Inscri\u00e7\u00e3o no IEFP (Instituto do Emprego e Forma\u00e7\u00e3o Profissional)<\/li>\n<\/ul>\n\n\n\n<p><strong>Convers\u00e3o:<\/strong> Se o titular obtiver contrato de trabalho durante a validade do visto, pode solicitar convers\u00e3o para autoriza\u00e7\u00e3o de resid\u00eancia D1 ou D3 sem necessidade de regressar ao pa\u00eds de origem.<\/p>\n\n\n\n<h3 class=\"wp-block-heading\"><strong>\ud83d\udc68\u200d\ud83d\udc69\u200d\ud83d\udc67\u200d\ud83d\udc66 B\u00d4NUS &#8211; CIDAD\u00c3OS CPLP &#8211; DIREITO DE AN\u00c1LISE C\u00c9LERE NO \u00c2MBITO DOS PEDIDOS DE VISTO DE RESID\u00caNCIA<\/strong><\/h3>\n\n\n\n<p><strong>Base Legal:<\/strong> Artigos 52.\u00ba-A e 87.\u00ba-A da Lei n.\u00ba 23\/2007<\/p>\n\n\n\n<p><strong>Destinat\u00e1rios:<\/strong> Cidad\u00e3os dos Estados-Membros da <strong>Comunidade dos Pa\u00edses de L\u00edngua Portuguesa (CPLP)<\/strong> ao abrigo do Acordo de Mobilidade.<\/p>\n\n\n\n<h4 class=\"wp-block-heading\"><strong>Pa\u00edses Abrangidos<\/strong><\/h4>\n\n\n\n<p>Angola, Brasil, Cabo Verde, Guin\u00e9-Bissau, Guin\u00e9 Equatorial, Mo\u00e7ambique, S\u00e3o Tom\u00e9 e Pr\u00edncipe e Timor-Leste.<\/p>\n\n\n\n<h4 class=\"wp-block-heading\"><strong>Regime Simplificado<\/strong><\/h4>\n\n\n\n<p><strong>Vantagens:<\/strong><\/p>\n\n\n\n<ul class=\"wp-block-list\">\n<li><strong>Dispensa de parecer pr\u00e9vio<\/strong> do SEF\/AIMA para concess\u00e3o de vistos<\/li>\n\n\n\n<li>Processo mais \u00e1gil e simplificado<\/li>\n\n\n\n<li>Possibilidade de solicitar autoriza\u00e7\u00e3o de resid\u00eancia CPLP em territ\u00f3rio nacional (para quem entrou com visto de resid\u00eancia).<\/li>\n\n\n\n<li>Taxas em valor reduzido.<\/li>\n\n\n\n<li>Aplic\u00e1vel como adicional em todo e qualquer tipo de pedido de visto de resid\u00eancia.<\/li>\n<\/ul>\n\n\n\n<h3 class=\"wp-block-heading\"><strong>CONCLUS\u00c3O&nbsp;<\/strong><\/h3>\n\n\n\n<p>O candidato deve alinhar a modalidade de visto com o seu projeto de vida e perfil jur\u00eddico\u2011profissional: trabalho subordinado, trabalho independente\/empreendedorismo, atividade altamente qualificada, doc\u00eancia ou investimento, entre outros.&nbsp;<\/p>\n\n\n\n<p>O enquadramento adequado \u00e0 lei e \u00e0 pr\u00e1tica administrativa pode reduzir significativamente o risco de indeferimentos e atrasos no processo.\u200b<\/p>\n\n\n\n<p>Adequar a documenta\u00e7\u00e3o para cada tipo de processo \u00e9 essencial e necess\u00e1rio para dar in\u00edcio a sua nova jornada em territ\u00f3rio luso.&nbsp;<\/p>\n\n\n\n<p><\/p>\n","protected":false},"excerpt":{"rendered":"<p>Conhe\u00e7a todas as categorias de vistos de resid\u00eancia em Portugal segundo a Lei dos Estrangeiros A Lei n.\u00ba 23\/2007, de 4 de julho, conhecida como Lei dos Estrangeiros, tem sido sucessivamente atualizada para responder aos desafios contempor\u00e2neos da mobilidade internacional, e as altera\u00e7\u00f5es mais recentes trouxeram mudan\u00e7as significativas que todo candidato \u00e0 resid\u00eancia em Portugal [&hellip;]<\/p>\n","protected":false},"author":2,"featured_media":35004,"comment_status":"open","ping_status":"closed","sticky":false,"template":"","format":"standard","meta":{"_uag_custom_page_level_css":"","wds_primary_category":87,"footnotes":""},"categories":[6,87],"tags":[],"class_list":["post-36402","post","type-post","status-publish","format-standard","has-post-thumbnail","hentry","category-direito-migratorio","category-vistos-d7-e-d8"],"acf":[],"featured_image_src":"https:\/\/vivianperfeito.com\/wp-content\/uploads\/2026\/02\/DSC_6688-Aprimorado-NR2-1-scaled.jpg","author_info":{"display_name":"Vivian Perfeito","author_link":"https:\/\/vivianperfeito.com\/pt-br\/author\/vivianperfeito\/"},"uagb_featured_image_src":{"full":["https:\/\/vivianperfeito.com\/wp-content\/uploads\/2026\/02\/DSC_6688-Aprimorado-NR2-1-scaled.jpg",2560,1703,false],"thumbnail":["https:\/\/vivianperfeito.com\/wp-content\/uploads\/2026\/02\/DSC_6688-Aprimorado-NR2-1-150x150.jpg",150,150,true],"medium":["https:\/\/vivianperfeito.com\/wp-content\/uploads\/2026\/02\/DSC_6688-Aprimorado-NR2-1-300x200.jpg",300,200,true],"medium_large":["https:\/\/vivianperfeito.com\/wp-content\/uploads\/2026\/02\/DSC_6688-Aprimorado-NR2-1-768x511.jpg",768,511,true],"large":["https:\/\/vivianperfeito.com\/wp-content\/uploads\/2026\/02\/DSC_6688-Aprimorado-NR2-1-1024x681.jpg",1024,681,true],"1536x1536":["https:\/\/vivianperfeito.com\/wp-content\/uploads\/2026\/02\/DSC_6688-Aprimorado-NR2-1-1536x1022.jpg",1536,1022,true],"2048x2048":["https:\/\/vivianperfeito.com\/wp-content\/uploads\/2026\/02\/DSC_6688-Aprimorado-NR2-1-2048x1363.jpg",2048,1363,true],"gform-image-choice-sm":["https:\/\/vivianperfeito.com\/wp-content\/uploads\/2026\/02\/DSC_6688-Aprimorado-NR2-1-scaled.jpg",300,200,false],"gform-image-choice-md":["https:\/\/vivianperfeito.com\/wp-content\/uploads\/2026\/02\/DSC_6688-Aprimorado-NR2-1-scaled.jpg",400,266,false],"gform-image-choice-lg":["https:\/\/vivianperfeito.com\/wp-content\/uploads\/2026\/02\/DSC_6688-Aprimorado-NR2-1-scaled.jpg",600,399,false],"woocommerce_thumbnail":["https:\/\/vivianperfeito.com\/wp-content\/uploads\/2026\/02\/DSC_6688-Aprimorado-NR2-1-300x300.jpg",300,300,true],"woocommerce_single":["https:\/\/vivianperfeito.com\/wp-content\/uploads\/2026\/02\/DSC_6688-Aprimorado-NR2-1-600x399.jpg",600,399,true],"woocommerce_gallery_thumbnail":["https:\/\/vivianperfeito.com\/wp-content\/uploads\/2026\/02\/DSC_6688-Aprimorado-NR2-1-100x100.jpg",100,100,true]},"uagb_author_info":{"display_name":"Vivian Perfeito","author_link":"https:\/\/vivianperfeito.com\/pt-br\/author\/vivianperfeito\/"},"uagb_comment_info":0,"uagb_excerpt":"Conhe\u00e7a todas as categorias de vistos de resid\u00eancia em Portugal segundo a Lei dos Estrangeiros A Lei n.\u00ba 23\/2007, de 4 de julho, conhecida como Lei dos Estrangeiros, tem sido sucessivamente atualizada para responder aos desafios contempor\u00e2neos da mobilidade internacional, e as altera\u00e7\u00f5es mais recentes trouxeram mudan\u00e7as significativas que todo candidato \u00e0 resid\u00eancia em Portugal&hellip;","_links":{"self":[{"href":"https:\/\/vivianperfeito.com\/pt-br\/wp-json\/wp\/v2\/posts\/36402","targetHints":{"allow":["GET"]}}],"collection":[{"href":"https:\/\/vivianperfeito.com\/pt-br\/wp-json\/wp\/v2\/posts"}],"about":[{"href":"https:\/\/vivianperfeito.com\/pt-br\/wp-json\/wp\/v2\/types\/post"}],"author":[{"embeddable":true,"href":"https:\/\/vivianperfeito.com\/pt-br\/wp-json\/wp\/v2\/users\/2"}],"replies":[{"embeddable":true,"href":"https:\/\/vivianperfeito.com\/pt-br\/wp-json\/wp\/v2\/comments?post=36402"}],"version-history":[{"count":0,"href":"https:\/\/vivianperfeito.com\/pt-br\/wp-json\/wp\/v2\/posts\/36402\/revisions"}],"wp:featuredmedia":[{"embeddable":true,"href":"https:\/\/vivianperfeito.com\/pt-br\/wp-json\/wp\/v2\/media\/35004"}],"wp:attachment":[{"href":"https:\/\/vivianperfeito.com\/pt-br\/wp-json\/wp\/v2\/media?parent=36402"}],"wp:term":[{"taxonomy":"category","embeddable":true,"href":"https:\/\/vivianperfeito.com\/pt-br\/wp-json\/wp\/v2\/categories?post=36402"},{"taxonomy":"post_tag","embeddable":true,"href":"https:\/\/vivianperfeito.com\/pt-br\/wp-json\/wp\/v2\/tags?post=36402"}],"curies":[{"name":"wp","href":"https:\/\/api.w.org\/{rel}","templated":true}]}}